
{"id":4540,"date":"2023-06-02T12:13:48","date_gmt":"2023-06-02T11:13:48","guid":{"rendered":"https:\/\/interrailplanner.com\/blog\/?p=4540"},"modified":"2023-06-02T12:13:49","modified_gmt":"2023-06-02T11:13:49","slug":"5-national-holidays-to-embrace-during-your-interrail-journey-across-europe","status":"publish","type":"post","link":"https:\/\/interrailplanner.com\/blog\/de\/5-nationalfeiertage-die-sie-auf-ihrer-interrail-reise-durch-europa-geniesen-konnen\/","title":{"rendered":"5 Nationale Feiertage, die Sie auf Ihrer Interrail-Reise durch Europa genie\u00dfen k\u00f6nnen"},"content":{"rendered":"<p>Eine Interrail-Reise durch Europa bietet eine unglaubliche Gelegenheit, in verschiedene Kulturen einzutauchen und einzigartige Traditionen zu erleben. Ber\u00fccksichtigen Sie bei der Planung Ihrer Interrail-Reiseroute die nationalen Feiertage. Diese besonderen Anl\u00e4sse erm\u00f6glichen es Ihnen, den lebendigen Geist eines jeden Landes zu erleben und an Festlichkeiten teilzunehmen, die das lokale Erbe pr\u00e4sentieren. In diesem Artikel stellen wir Ihnen f\u00fcnf nationale Feiertage vor, auf die Sie w\u00e4hrend Ihrer Interrail-Reise achten sollten.<br><\/p><div class=\"inter-content-paragraph\" style=\"margin-top: 20px;margin-bottom: 20px;\" id=\"inter-1854557026\"><script async src=\"\/\/pagead2.googlesyndication.com\/pagead\/js\/adsbygoogle.js?client=ca-pub-4633244982126279\" crossorigin=\"anonymous\"><\/script><ins class=\"adsbygoogle\" style=\"display:block; text-align:center;\" data-ad-client=\"ca-pub-4633244982126279\" \ndata-ad-slot=\"7158573474\" \ndata-ad-layout=\"in-article\"\ndata-ad-format=\"fluid\"><\/ins>\n<script> \n(adsbygoogle = window.adsbygoogle || []).push({}); \n<\/script>\n<\/div><div style=\"height:20px\" aria-hidden=\"true\" class=\"wp-block-spacer\"><\/div><h2 class=\"wp-block-heading\">1. Der Tag der Bastille in Frankreich<\/h2><p><br>Wenn Sie am 14. Juli in Frankreich sind, werden Sie Zeuge der spektakul\u00e4ren Feierlichkeiten zum Tag der Bastille. Dieser Nationalfeiertag erinnert an die Franz\u00f6sische Revolution und an die Erst\u00fcrmung des Gef\u00e4ngnisses der Bastille. Nehmen Sie an den farbenfrohen Paraden teil, bestaunen Sie das beeindruckende Feuerwerk und genie\u00dfen Sie die lebhafte Atmosph\u00e4re, die in den Stra\u00dfen von Paris und anderen St\u00e4dten des Landes herrscht.<\/p><figure class=\"wp-block-image size-large\"><img fetchpriority=\"high\" decoding=\"async\" width=\"1024\" height=\"576\" src=\"https:\/\/interrailplanner.com\/blog\/wp-content\/uploads\/2023\/06\/joe-desousa-OSVh2HgbaZc-unsplash-1024x576.jpg\" alt=\"\" class=\"wp-image-4541\" srcset=\"https:\/\/interrailplanner.com\/blog\/wp-content\/uploads\/2023\/06\/joe-desousa-OSVh2HgbaZc-unsplash-1024x576.jpg 1024w, https:\/\/interrailplanner.com\/blog\/wp-content\/uploads\/2023\/06\/joe-desousa-OSVh2HgbaZc-unsplash-600x338.jpg 600w, https:\/\/interrailplanner.com\/blog\/wp-content\/uploads\/2023\/06\/joe-desousa-OSVh2HgbaZc-unsplash-300x169.jpg 300w, https:\/\/interrailplanner.com\/blog\/wp-content\/uploads\/2023\/06\/joe-desousa-OSVh2HgbaZc-unsplash-768x432.jpg 768w, https:\/\/interrailplanner.com\/blog\/wp-content\/uploads\/2023\/06\/joe-desousa-OSVh2HgbaZc-unsplash-1536x864.jpg 1536w, https:\/\/interrailplanner.com\/blog\/wp-content\/uploads\/2023\/06\/joe-desousa-OSVh2HgbaZc-unsplash-18x10.jpg 18w, https:\/\/interrailplanner.com\/blog\/wp-content\/uploads\/2023\/06\/joe-desousa-OSVh2HgbaZc-unsplash.jpg 1920w\" sizes=\"(max-width: 1024px) 100vw, 1024px\" \/><figcaption class=\"wp-element-caption\">Foto von\u00a0<a href=\"https:\/\/unsplash.com\/@mustangjoe?utm_source=unsplash&amp;utm_medium=referral&amp;utm_content=creditCopyText\" target=\"_blank\" rel=\"noopener\">Joe deSousa<\/a>\u00a0auf\u00a0<a href=\"https:\/\/unsplash.com\/photos\/OSVh2HgbaZc?utm_source=unsplash&amp;utm_medium=referral&amp;utm_content=creditCopyText\" target=\"_blank\" rel=\"noopener\">Unsplash<\/a><\/figcaption><\/figure><div style=\"height:20px\" aria-hidden=\"true\" class=\"wp-block-spacer\"><\/div><h2 class=\"wp-block-heading\">2. Der St. Patrick's Day in Irland<\/h2><p><\/p><p>Tauchen Sie ein in den Charme der irischen Kultur und nehmen Sie an den Feierlichkeiten zum St. Patrick's Day am 17. M\u00e4rz teil. Dublin, die pulsierende Hauptstadt Irlands, verwandelt sich mit ihren lebhaften Paraden, traditionellen Musikdarbietungen und nat\u00fcrlich einem Meer von gr\u00fcnen Kleidern in ein Zentrum der Aufregung. Heben Sie ein Glas Guinness und genie\u00dfen Sie die fr\u00f6hliche Atmosph\u00e4re, die sich auf der gr\u00fcnen Insel ausbreitet.<\/p><div class=\"inter-content_2\" style=\"margin-top: 20px;margin-bottom: 20px;\" id=\"inter-3145270428\"><script async src=\"\/\/pagead2.googlesyndication.com\/pagead\/js\/adsbygoogle.js?client=ca-pub-4633244982126279\" crossorigin=\"anonymous\"><\/script><ins class=\"adsbygoogle\" style=\"display:block; text-align:center;\" data-ad-client=\"ca-pub-4633244982126279\" \ndata-ad-slot=\"7158573474\" \ndata-ad-layout=\"in-article\"\ndata-ad-format=\"fluid\"><\/ins>\n<script> \n(adsbygoogle = window.adsbygoogle || []).push({}); \n<\/script>\n<\/div><figure class=\"wp-block-embed is-type-rich is-provider-instagram wp-block-embed-instagram\"><div class=\"wp-block-embed__wrapper\">\n<blockquote class=\"instagram-media\" data-instgrm-captioned data-instgrm-permalink=\"https:\/\/www.instagram.com\/p\/CqGEzPuu8HY\/?utm_source=ig_embed&amp;utm_campaign=loading\" data-instgrm-version=\"14\" style=\" background:#FFF; border:0; border-radius:3px; box-shadow:0 0 1px 0 rgba(0,0,0,0.5),0 1px 10px 0 rgba(0,0,0,0.15); margin: 1px; max-width:658px; min-width:326px; padding:0; width:99.375%; width:-webkit-calc(100% - 2px); width:calc(100% - 2px);\"><div style=\"padding:16px;\"> <a href=\"https:\/\/www.instagram.com\/p\/CqGEzPuu8HY\/?utm_source=ig_embed&amp;utm_campaign=loading\" style=\" background:#FFFFFF; line-height:0; padding:0 0; text-align:center; text-decoration:none; width:100%;\" target=\"_blank\" rel=\"noopener\"> <div style=\" display: flex; flex-direction: row; align-items: center;\"> <div style=\"background-color: #F4F4F4; border-radius: 50%; flex-grow: 0; height: 40px; margin-right: 14px; width: 40px;\"><\/div> <div style=\"display: flex; flex-direction: column; flex-grow: 1; justify-content: center;\"> <div style=\" background-color: #F4F4F4; border-radius: 4px; flex-grow: 0; height: 14px; margin-bottom: 6px; width: 100px;\"><\/div> <div style=\" background-color: #F4F4F4; border-radius: 4px; flex-grow: 0; height: 14px; width: 60px;\"><\/div><\/div><\/div><div style=\"padding: 19% 0;\"><\/div> <div style=\"display:block; height:50px; margin:0 auto 12px; width:50px;\"><svg width=\"50px\" height=\"50px\" viewbox=\"0 0 60 60\" version=\"1.1\" xmlns=\"https:\/\/www.w3.org\/2000\/svg\" xmlns:xlink=\"https:\/\/www.w3.org\/1999\/xlink\"><g stroke=\"none\" stroke-width=\"1\" fill=\"none\" fill-rule=\"evenodd\"><g transform=\"translate(-511.000000, -20.000000)\" fill=\"#000000\"><g><path d=\"M556.869,30.41 C554.814,30.41 553.148,32.076 553.148,34.131 C553.148,36.186 554.814,37.852 556.869,37.852 C558.924,37.852 560.59,36.186 560.59,34.131 C560.59,32.076 558.924,30.41 556.869,30.41 M541,60.657 C535.114,60.657 530.342,55.887 530.342,50 C530.342,44.114 535.114,39.342 541,39.342 C546.887,39.342 551.658,44.114 551.658,50 C551.658,55.887 546.887,60.657 541,60.657 M541,33.886 C532.1,33.886 524.886,41.1 524.886,50 C524.886,58.899 532.1,66.113 541,66.113 C549.9,66.113 557.115,58.899 557.115,50 C557.115,41.1 549.9,33.886 541,33.886 M565.378,62.101 C565.244,65.022 564.756,66.606 564.346,67.663 C563.803,69.06 563.154,70.057 562.106,71.106 C561.058,72.155 560.06,72.803 558.662,73.347 C557.607,73.757 556.021,74.244 553.102,74.378 C549.944,74.521 548.997,74.552 541,74.552 C533.003,74.552 532.056,74.521 528.898,74.378 C525.979,74.244 524.393,73.757 523.338,73.347 C521.94,72.803 520.942,72.155 519.894,71.106 C518.846,70.057 518.197,69.06 517.654,67.663 C517.244,66.606 516.755,65.022 516.623,62.101 C516.479,58.943 516.448,57.996 516.448,50 C516.448,42.003 516.479,41.056 516.623,37.899 C516.755,34.978 517.244,33.391 517.654,32.338 C518.197,30.938 518.846,29.942 519.894,28.894 C520.942,27.846 521.94,27.196 523.338,26.654 C524.393,26.244 525.979,25.756 528.898,25.623 C532.057,25.479 533.004,25.448 541,25.448 C548.997,25.448 549.943,25.479 553.102,25.623 C556.021,25.756 557.607,26.244 558.662,26.654 C560.06,27.196 561.058,27.846 562.106,28.894 C563.154,29.942 563.803,30.938 564.346,32.338 C564.756,33.391 565.244,34.978 565.378,37.899 C565.522,41.056 565.552,42.003 565.552,50 C565.552,57.996 565.522,58.943 565.378,62.101 M570.82,37.631 C570.674,34.438 570.167,32.258 569.425,30.349 C568.659,28.377 567.633,26.702 565.965,25.035 C564.297,23.368 562.623,22.342 560.652,21.575 C558.743,20.834 556.562,20.326 553.369,20.18 C550.169,20.033 549.148,20 541,20 C532.853,20 531.831,20.033 528.631,20.18 C525.438,20.326 523.257,20.834 521.349,21.575 C519.376,22.342 517.703,23.368 516.035,25.035 C514.368,26.702 513.342,28.377 512.574,30.349 C511.834,32.258 511.326,34.438 511.181,37.631 C511.035,40.831 511,41.851 511,50 C511,58.147 511.035,59.17 511.181,62.369 C511.326,65.562 511.834,67.743 512.574,69.651 C513.342,71.625 514.368,73.296 516.035,74.965 C517.703,76.634 519.376,77.658 521.349,78.425 C523.257,79.167 525.438,79.673 528.631,79.82 C531.831,79.965 532.853,80.001 541,80.001 C549.148,80.001 550.169,79.965 553.369,79.82 C556.562,79.673 558.743,79.167 560.652,78.425 C562.623,77.658 564.297,76.634 565.965,74.965 C567.633,73.296 568.659,71.625 569.425,69.651 C570.167,67.743 570.674,65.562 570.82,62.369 C570.966,59.17 571,58.147 571,50 C571,41.851 570.966,40.831 570.82,37.631\"><\/path><\/g><\/g><\/g><\/svg><\/div><div style=\"padding-top: 8px;\"> <div style=\" color:#3897f0; font-family:Arial,sans-serif; font-size:14px; font-style:normal; font-weight:550; line-height:18px;\">Diesen Beitrag auf Instagram anzeigen<\/div><\/div><div style=\"padding: 12.5% 0;\"><\/div> <div style=\"display: flex; flex-direction: row; margin-bottom: 14px; align-items: center;\"><div> <div style=\"background-color: #F4F4F4; border-radius: 50%; height: 12.5px; width: 12.5px; transform: translateX(0px) translateY(7px);\"><\/div> <div style=\"background-color: #F4F4F4; height: 12.5px; transform: rotate(-45deg) translateX(3px) translateY(1px); width: 12.5px; flex-grow: 0; margin-right: 14px; margin-left: 2px;\"><\/div> <div style=\"background-color: #F4F4F4; border-radius: 50%; height: 12.5px; width: 12.5px; transform: translateX(9px) translateY(-18px);\"><\/div><\/div><div style=\"margin-left: 8px;\"> <div style=\" background-color: #F4F4F4; border-radius: 50%; flex-grow: 0; height: 20px; width: 20px;\"><\/div> <div style=\" width: 0; height: 0; border-top: 2px solid transparent; border-left: 6px solid #f4f4f4; border-bottom: 2px solid transparent; transform: translateX(16px) translateY(-4px) rotate(30deg)\"><\/div><\/div><div style=\"margin-left: auto;\"> <div style=\" width: 0px; border-top: 8px solid #F4F4F4; border-right: 8px solid transparent; transform: translateY(16px);\"><\/div> <div style=\" background-color: #F4F4F4; flex-grow: 0; height: 12px; width: 16px; transform: translateY(-4px);\"><\/div> <div style=\" width: 0; height: 0; border-top: 8px solid #F4F4F4; border-left: 8px solid transparent; transform: translateY(-4px) translateX(8px);\"><\/div><\/div><\/div> <div style=\"display: flex; flex-direction: column; flex-grow: 1; justify-content: center; margin-bottom: 24px;\"> <div style=\" background-color: #F4F4F4; border-radius: 4px; flex-grow: 0; height: 14px; margin-bottom: 6px; width: 224px;\"><\/div> <div style=\" background-color: #F4F4F4; border-radius: 4px; flex-grow: 0; height: 14px; width: 144px;\"><\/div><\/div><\/a><p style=\" color:#c9c8cd; font-family:Arial,sans-serif; font-size:14px; line-height:17px; margin-bottom:0; margin-top:8px; overflow:hidden; padding:8px 0 7px; text-align:center; text-overflow:ellipsis; white-space:nowrap;\"><a href=\"https:\/\/www.instagram.com\/p\/CqGEzPuu8HY\/?utm_source=ig_embed&amp;utm_campaign=loading\" style=\" color:#c9c8cd; font-family:Arial,sans-serif; font-size:14px; font-style:normal; font-weight:normal; line-height:17px; text-decoration:none;\" target=\"_blank\" rel=\"noopener\">Ein Beitrag geteilt von The Temple Bar Pub (@thetemplebarpub)<\/a><\/p><\/div><\/blockquote><script async src=\"\/\/platform.instagram.com\/en_US\/embeds.js\"><\/script>\n<\/div><\/figure><div style=\"height:20px\" aria-hidden=\"true\" class=\"wp-block-spacer\"><\/div><h2 class=\"wp-block-heading\">3. Oktoberfest in Deutschland<\/h2><p>Bierliebhaber k\u00f6nnen sich freuen! Planen Sie Ihre Interrail-Reise so, dass sie mit dem Oktoberfest zusammenf\u00e4llt, einem der gr\u00f6\u00dften Bierfeste der Welt, das j\u00e4hrlich in <a href=\"https:\/\/interrailplanner.com\/blog\/an-interrailers-guide-to-munich-what-to-do-in-munich-when-youre-interrailing\/\" data-type=\"post\" data-id=\"3005\">M\u00fcnchen<\/a>Deutschland. Von Mitte September bis zum ersten Sonntag im Oktober kommen Millionen von Besuchern aus aller Welt, um die traditionelle bayerische K\u00fcche zu genie\u00dfen, verschiedene Biersorten zu probieren und an der ansteckenden Fr\u00f6hlichkeit teilzuhaben, die diese legend\u00e4re Veranstaltung kennzeichnet.<\/p><figure class=\"wp-block-image size-large\"><img decoding=\"async\" width=\"1024\" height=\"682\" src=\"https:\/\/interrailplanner.com\/blog\/wp-content\/uploads\/2023\/06\/oktoberfest-g8af9bb517_1280-1024x682.jpg\" alt=\"\" class=\"wp-image-4542\" srcset=\"https:\/\/interrailplanner.com\/blog\/wp-content\/uploads\/2023\/06\/oktoberfest-g8af9bb517_1280-1024x682.jpg 1024w, https:\/\/interrailplanner.com\/blog\/wp-content\/uploads\/2023\/06\/oktoberfest-g8af9bb517_1280-600x400.jpg 600w, https:\/\/interrailplanner.com\/blog\/wp-content\/uploads\/2023\/06\/oktoberfest-g8af9bb517_1280-300x200.jpg 300w, https:\/\/interrailplanner.com\/blog\/wp-content\/uploads\/2023\/06\/oktoberfest-g8af9bb517_1280-768x512.jpg 768w, https:\/\/interrailplanner.com\/blog\/wp-content\/uploads\/2023\/06\/oktoberfest-g8af9bb517_1280-18x12.jpg 18w, https:\/\/interrailplanner.com\/blog\/wp-content\/uploads\/2023\/06\/oktoberfest-g8af9bb517_1280.jpg 1280w\" sizes=\"(max-width: 1024px) 100vw, 1024px\" \/><figcaption class=\"wp-element-caption\">Bild von <a href=\"https:\/\/pixabay.com\/users\/motointermedia-1271994\/?utm_source=link-attribution&amp;utm_medium=referral&amp;utm_campaign=image&amp;utm_content=968232\" target=\"_blank\" rel=\"noopener\">motointermedia<\/a> von <a href=\"https:\/\/pixabay.com\/\/?utm_source=link-attribution&amp;utm_medium=referral&amp;utm_campaign=image&amp;utm_content=968232\" target=\"_blank\" rel=\"noopener\">Pixabay<\/a><\/figcaption><\/figure><div style=\"height:20px\" aria-hidden=\"true\" class=\"wp-block-spacer\"><\/div><h2 class=\"wp-block-heading\">4. Der Tag des K\u00f6nigs in den Niederlanden<\/h2><p>Am 27. April verwandeln sich die Niederlande w\u00e4hrend des K\u00f6nigstages (Koningsdag) in ein Meer aus Orange. Zu Ehren des Geburtstags von K\u00f6nig Willem-Alexander f\u00fcllt dieser lebendige Feiertag die Stra\u00dfen mit bunten Flohm\u00e4rkten, Stra\u00dfenfesten, Konzerten und Bootsparaden in <a href=\"https:\/\/interrailplanner.com\/blog\/city-spotlight-amsterdam\/\" data-type=\"post\" data-id=\"264\">Amsterdam<\/a> und anderen niederl\u00e4ndischen St\u00e4dten. Ziehen Sie Ihre orangefarbene Kleidung an und nehmen Sie an den Feierlichkeiten teil, wenn das Land ein kollektives Gef\u00fchl der Einheit und Freude vermittelt.<\/p><figure class=\"wp-block-image size-large\"><img decoding=\"async\" src=\"https:\/\/interrailplanner.com\/blog\/wp-content\/uploads\/2023\/06\/crowd-g27e1574ab_1280-1024x682.jpg\" alt=\"\" class=\"wp-image-4543\"\/><figcaption class=\"wp-element-caption\">Bild von <a href=\"https:\/\/pixabay.com\/users\/3345557-3345557\/?utm_source=link-attribution&amp;utm_medium=referral&amp;utm_campaign=image&amp;utm_content=6852133\" target=\"_blank\" rel=\"noopener\">Ernesto Vel\u00e1zquez<\/a> von <a href=\"https:\/\/pixabay.com\/\/?utm_source=link-attribution&amp;utm_medium=referral&amp;utm_campaign=image&amp;utm_content=6852133\" target=\"_blank\" rel=\"noopener\">Pixabay<\/a><\/figcaption><\/figure><div style=\"height:20px\" aria-hidden=\"true\" class=\"wp-block-spacer\"><\/div><h2 class=\"wp-block-heading\">5. La Tomatina in Spanien<\/h2><p><\/p><p>F\u00fcr ein wirklich einzigartiges und abenteuerliches Erlebnis sollten Sie sich am letzten Mittwoch im August nach Bu\u00f1ol in Spanien begeben und La Tomatina besuchen. Dieses lebhafte Tomatenkampffestival zieht Tausende von Teilnehmern an, die sich in einem freundlichen Rausch des Tomatenwerfens \u00fcben. Machen Sie sich darauf gefasst, dass es schmutzig wird, und lassen Sie sich auf das fr\u00f6hliche Chaos ein, wenn Sie in diese aufregende Tradition eintauchen, die zu einer internationalen Sensation geworden ist.<\/p><figure class=\"wp-block-image size-large\"><img decoding=\"async\" width=\"1024\" height=\"683\" src=\"https:\/\/interrailplanner.com\/blog\/wp-content\/uploads\/2023\/06\/2560px-La_Tomatina_25.08.2010_-_Spain_Bunol_21-1024x683.jpg\" alt=\"\" class=\"wp-image-4544\" srcset=\"https:\/\/interrailplanner.com\/blog\/wp-content\/uploads\/2023\/06\/2560px-La_Tomatina_25.08.2010_-_Spain_Bunol_21-1024x683.jpg 1024w, https:\/\/interrailplanner.com\/blog\/wp-content\/uploads\/2023\/06\/2560px-La_Tomatina_25.08.2010_-_Spain_Bunol_21-600x400.jpg 600w, https:\/\/interrailplanner.com\/blog\/wp-content\/uploads\/2023\/06\/2560px-La_Tomatina_25.08.2010_-_Spain_Bunol_21-300x200.jpg 300w, https:\/\/interrailplanner.com\/blog\/wp-content\/uploads\/2023\/06\/2560px-La_Tomatina_25.08.2010_-_Spain_Bunol_21-768x512.jpg 768w, https:\/\/interrailplanner.com\/blog\/wp-content\/uploads\/2023\/06\/2560px-La_Tomatina_25.08.2010_-_Spain_Bunol_21-1536x1024.jpg 1536w, https:\/\/interrailplanner.com\/blog\/wp-content\/uploads\/2023\/06\/2560px-La_Tomatina_25.08.2010_-_Spain_Bunol_21-2048x1366.jpg 2048w, https:\/\/interrailplanner.com\/blog\/wp-content\/uploads\/2023\/06\/2560px-La_Tomatina_25.08.2010_-_Spain_Bunol_21-18x12.jpg 18w\" sizes=\"(max-width: 1024px) 100vw, 1024px\" \/><figcaption class=\"wp-element-caption\">Foto von <a href=\"https:\/\/commons.wikimedia.org\/w\/index.php?curid=11911123\" target=\"_blank\" rel=\"noopener\">flydime<\/a><\/figcaption><\/figure><div style=\"height:20px\" aria-hidden=\"true\" class=\"wp-block-spacer\"><\/div><p>W\u00e4hrend der Erkundung Europas auf einer <a href=\"https:\/\/interrailplanner.com\" data-type=\"URL\" data-id=\"https:\/\/interrailplanner.com\">Interrail-Reise<\/a>Verpassen Sie nicht die Gelegenheit, die nationalen Feiertage der L\u00e4nder, die Sie besuchen, zu feiern und daran teilzunehmen. Ob Sie nun die Pracht des Bastille Day in <a href=\"https:\/\/interrailplanner.com\/blog\/interrail-france-country-guide\/\" data-type=\"page\" data-id=\"2260\">Frankreich<\/a>, die in den temperamentvollen St. Patrick's Day-Feierlichkeiten in <a href=\"https:\/\/interrailplanner.com\/blog\/interrail-ireland-country-guide\/\" data-type=\"page\" data-id=\"4189\">Irland<\/a>oder die Ausgelassenheit des Oktoberfestes in <a href=\"https:\/\/interrailplanner.com\/blog\/interrail-germany-country-guide\/\" data-type=\"page\" data-id=\"2205\">Deutschland<\/a>Diese nationalen Feiertage bieten ein intensives Erlebnis, das Ihre Reise bereichern und bleibende Erinnerungen schaffen wird. Nehmen Sie die lokalen Traditionen an, feiern Sie mit und lassen Sie diese besonderen Anl\u00e4sse zu unvergesslichen H\u00f6hepunkten Ihres Interrail-Abenteuers werden.<\/p><div class=\"inter-after-content\" style=\"margin-top: 20px;margin-bottom: 20px;\" id=\"inter-3897444632\"><script async src=\"\/\/pagead2.googlesyndication.com\/pagead\/js\/adsbygoogle.js?client=ca-pub-4633244982126279\" crossorigin=\"anonymous\"><\/script><ins class=\"adsbygoogle\" style=\"display:block;\" data-ad-client=\"ca-pub-4633244982126279\" \ndata-ad-slot=\"8015293915\" \ndata-ad-format=\"auto\"><\/ins>\n<script> \n(adsbygoogle = window.adsbygoogle || []).push({}); \n<\/script>\n<\/div>","protected":false},"excerpt":{"rendered":"<p>Eine Interrail-Reise durch Europa bietet eine unglaubliche Gelegenheit, in verschiedene Kulturen einzutauchen und einzigartige Traditionen zu erleben. Ber\u00fccksichtigen Sie bei der Planung Ihrer Interrail-Reiseroute auch die nationalen Feiertage. Diese besonderen Anl\u00e4sse erm\u00f6glichen es Ihnen, den lebendigen Geist eines jeden Landes zu erleben und an Festivit\u00e4ten teilzunehmen, die...<\/p>","protected":false},"author":3,"featured_media":4546,"comment_status":"closed","ping_status":"closed","sticky":false,"template":"","format":"standard","meta":{"_jetpack_memberships_contains_paid_content":false,"footnotes":""},"categories":[11],"tags":[32,33,231,43,56],"class_list":["post-4540","post","type-post","status-publish","format-standard","has-post-thumbnail","hentry","category-best-of-europe-interrail-guides","tag-interrail-france","tag-interrail-germany","tag-ireland","tag-interrail-netherlands","tag-interrail-spain"],"cc_featured_image_caption":{"caption_text":"","source_text":"","source_url":""},"jetpack_featured_media_url":"https:\/\/interrailplanner.com\/blog\/wp-content\/uploads\/2023\/06\/amsterdam-g7c54e0e38_1280.jpg","jetpack-related-posts":[],"jetpack_sharing_enabled":true,"_links":{"self":[{"href":"https:\/\/interrailplanner.com\/blog\/de\/wp-json\/wp\/v2\/posts\/4540","targetHints":{"allow":["GET"]}}],"collection":[{"href":"https:\/\/interrailplanner.com\/blog\/de\/wp-json\/wp\/v2\/posts"}],"about":[{"href":"https:\/\/interrailplanner.com\/blog\/de\/wp-json\/wp\/v2\/types\/post"}],"author":[{"embeddable":true,"href":"https:\/\/interrailplanner.com\/blog\/de\/wp-json\/wp\/v2\/users\/3"}],"replies":[{"embeddable":true,"href":"https:\/\/interrailplanner.com\/blog\/de\/wp-json\/wp\/v2\/comments?post=4540"}],"version-history":[{"count":0,"href":"https:\/\/interrailplanner.com\/blog\/de\/wp-json\/wp\/v2\/posts\/4540\/revisions"}],"wp:featuredmedia":[{"embeddable":true,"href":"https:\/\/interrailplanner.com\/blog\/de\/wp-json\/wp\/v2\/media\/4546"}],"wp:attachment":[{"href":"https:\/\/interrailplanner.com\/blog\/de\/wp-json\/wp\/v2\/media?parent=4540"}],"wp:term":[{"taxonomy":"category","embeddable":true,"href":"https:\/\/interrailplanner.com\/blog\/de\/wp-json\/wp\/v2\/categories?post=4540"},{"taxonomy":"post_tag","embeddable":true,"href":"https:\/\/interrailplanner.com\/blog\/de\/wp-json\/wp\/v2\/tags?post=4540"}],"curies":[{"name":"wp","href":"https:\/\/api.w.org\/{rel}","templated":true}]}}